{"id":2422,"date":"2026-04-03T10:49:24","date_gmt":"2026-04-03T08:49:24","guid":{"rendered":"https:\/\/lyceealfrednobel.fr\/w\/?p=2422"},"modified":"2026-04-03T10:49:25","modified_gmt":"2026-04-03T08:49:25","slug":"inside-engie-talents","status":"publish","type":"post","link":"http:\/\/lyceealfrednobel.fr\/w\/2026\/04\/03\/inside-engie-talents\/","title":{"rendered":"inside ENGIE Talents"},"content":{"rendered":"\n<p>Dans le cadre de notre partenariat avec Engie 13 \u00e9l\u00e8ves (12 de TMELEC et 1de Classe Passerelle) ont particip\u00e9 \u00e0 cet \u00e9v\u00e9nement.<\/p>\n\n\n\n<p>ENGIE a  inviter \u00e0 l\u2019\u00e9v\u00e9nement inside ENGIE Talents, qui s&rsquo;est tenu le\u00a0mardi 31 mars 2026\u00a0au Campus ENGIE de La Garenne Colombes. Cette matin\u00e9e est sp\u00e9cialement con\u00e7ue pour les \u00e9l\u00e8ves de nos lyc\u00e9es partenaires de la r\u00e9gion Ile-de-France.<\/p>\n\n\n\n<p>Cette matin\u00e9e a pour ambition d\u2019offrir aux \u00e9l\u00e8ves une immersion claire, vivante et accessible dans l\u2019univers d\u2019ENGIE, de leur permettre de mieux comprendre nos m\u00e9tiers techniques et de leur montrer comment ils pourront,&nbsp;demain, contribuer concr\u00e8tement \u00e0 la d\u00e9carbonation des territoires en rejoignant nos \u00e9quipes.<\/p>\n\n\n\n<p>Pour donner vie \u00e0 cette ambition, la matin\u00e9e a propos\u00e9s un parcours rythm\u00e9 et inspirant :<\/p>\n\n\n\n<p>Une immersion \u00e9clair dans ENGIE et ses m\u00e9tiers,<\/p>\n\n\n\n<p>Un temps fort surprise pour \u00e9veiller curiosit\u00e9 et engagement,<\/p>\n\n\n\n<p>Un t\u00e9moignage alternant pour ancrer le r\u00e9el,<\/p>\n\n\n\n<p>Un marketplace pour explorer nos m\u00e9tiers au plus pr\u00e8s du terrain.<\/p>\n\n\n\n<p>\u00a0Nous avons \u00e9t\u00e9s associer \u00e0 cette premi\u00e8re \u00e9dition francilienne de l\u2019\u00e9v\u00e9nement inside ENGIE Talents et de poursuivre ensemble la construction des comp\u00e9tences dont la transition \u00e9nerg\u00e9tique a besoin.<\/p>\n\n\n\n<figure class=\"wp-block-gallery has-nested-images columns-default is-cropped wp-block-gallery-1 is-layout-flex wp-block-gallery-is-layout-flex\">\n<figure class=\"wp-block-image size-large\"><img loading=\"lazy\" decoding=\"async\" width=\"1024\" height=\"768\" data-id=\"2423\" src=\"https:\/\/lyceealfrednobel.fr\/w\/wp-content\/uploads\/2026\/04\/20260331_102619-1024x768.jpg\" alt=\"\" class=\"wp-image-2423\" srcset=\"http:\/\/lyceealfrednobel.fr\/w\/wp-content\/uploads\/2026\/04\/20260331_102619-1024x768.jpg 1024w, http:\/\/lyceealfrednobel.fr\/w\/wp-content\/uploads\/2026\/04\/20260331_102619-300x225.jpg 300w, http:\/\/lyceealfrednobel.fr\/w\/wp-content\/uploads\/2026\/04\/20260331_102619-768x576.jpg 768w, http:\/\/lyceealfrednobel.fr\/w\/wp-content\/uploads\/2026\/04\/20260331_102619-1536x1152.jpg 1536w, http:\/\/lyceealfrednobel.fr\/w\/wp-content\/uploads\/2026\/04\/20260331_102619-2048x1536.jpg 2048w\" sizes=\"auto, (max-width: 1024px) 100vw, 1024px\" \/><\/figure>\n\n\n\n<figure class=\"wp-block-image size-large\"><img loading=\"lazy\" decoding=\"async\" width=\"1024\" height=\"768\" data-id=\"2426\" src=\"https:\/\/lyceealfrednobel.fr\/w\/wp-content\/uploads\/2026\/04\/20260331_111309-1024x768.jpg\" alt=\"\" class=\"wp-image-2426\" srcset=\"http:\/\/lyceealfrednobel.fr\/w\/wp-content\/uploads\/2026\/04\/20260331_111309-1024x768.jpg 1024w, http:\/\/lyceealfrednobel.fr\/w\/wp-content\/uploads\/2026\/04\/20260331_111309-300x225.jpg 300w, http:\/\/lyceealfrednobel.fr\/w\/wp-content\/uploads\/2026\/04\/20260331_111309-768x576.jpg 768w, http:\/\/lyceealfrednobel.fr\/w\/wp-content\/uploads\/2026\/04\/20260331_111309-1536x1152.jpg 1536w, http:\/\/lyceealfrednobel.fr\/w\/wp-content\/uploads\/2026\/04\/20260331_111309-2048x1536.jpg 2048w\" sizes=\"auto, (max-width: 1024px) 100vw, 1024px\" \/><\/figure>\n\n\n\n<figure class=\"wp-block-image size-large\"><img loading=\"lazy\" decoding=\"async\" width=\"1024\" height=\"768\" data-id=\"2425\" src=\"https:\/\/lyceealfrednobel.fr\/w\/wp-content\/uploads\/2026\/04\/20260331_115423-1-1024x768.jpg\" alt=\"\" class=\"wp-image-2425\" srcset=\"http:\/\/lyceealfrednobel.fr\/w\/wp-content\/uploads\/2026\/04\/20260331_115423-1-1024x768.jpg 1024w, http:\/\/lyceealfrednobel.fr\/w\/wp-content\/uploads\/2026\/04\/20260331_115423-1-300x225.jpg 300w, http:\/\/lyceealfrednobel.fr\/w\/wp-content\/uploads\/2026\/04\/20260331_115423-1-768x576.jpg 768w, http:\/\/lyceealfrednobel.fr\/w\/wp-content\/uploads\/2026\/04\/20260331_115423-1-1536x1152.jpg 1536w, http:\/\/lyceealfrednobel.fr\/w\/wp-content\/uploads\/2026\/04\/20260331_115423-1-2048x1536.jpg 2048w\" sizes=\"auto, (max-width: 1024px) 100vw, 1024px\" \/><\/figure>\n\n\n\n<figure class=\"wp-block-image size-large\"><img loading=\"lazy\" decoding=\"async\" width=\"1024\" height=\"768\" data-id=\"2424\" src=\"https:\/\/lyceealfrednobel.fr\/w\/wp-content\/uploads\/2026\/04\/20260331_115423-1024x768.jpg\" alt=\"\" class=\"wp-image-2424\" srcset=\"http:\/\/lyceealfrednobel.fr\/w\/wp-content\/uploads\/2026\/04\/20260331_115423-1024x768.jpg 1024w, http:\/\/lyceealfrednobel.fr\/w\/wp-content\/uploads\/2026\/04\/20260331_115423-300x225.jpg 300w, http:\/\/lyceealfrednobel.fr\/w\/wp-content\/uploads\/2026\/04\/20260331_115423-768x576.jpg 768w, http:\/\/lyceealfrednobel.fr\/w\/wp-content\/uploads\/2026\/04\/20260331_115423-1536x1152.jpg 1536w, http:\/\/lyceealfrednobel.fr\/w\/wp-content\/uploads\/2026\/04\/20260331_115423-2048x1536.jpg 2048w\" sizes=\"auto, (max-width: 1024px) 100vw, 1024px\" \/><\/figure>\n\n\n\n<figure class=\"wp-block-image size-large\"><img loading=\"lazy\" decoding=\"async\" width=\"1024\" height=\"768\" data-id=\"2428\" src=\"https:\/\/lyceealfrednobel.fr\/w\/wp-content\/uploads\/2026\/04\/20260331_1222060-1-1024x768.jpg\" alt=\"\" class=\"wp-image-2428\" srcset=\"http:\/\/lyceealfrednobel.fr\/w\/wp-content\/uploads\/2026\/04\/20260331_1222060-1-1024x768.jpg 1024w, http:\/\/lyceealfrednobel.fr\/w\/wp-content\/uploads\/2026\/04\/20260331_1222060-1-300x225.jpg 300w, http:\/\/lyceealfrednobel.fr\/w\/wp-content\/uploads\/2026\/04\/20260331_1222060-1-768x576.jpg 768w, http:\/\/lyceealfrednobel.fr\/w\/wp-content\/uploads\/2026\/04\/20260331_1222060-1-1536x1152.jpg 1536w, http:\/\/lyceealfrednobel.fr\/w\/wp-content\/uploads\/2026\/04\/20260331_1222060-1-2048x1536.jpg 2048w\" sizes=\"auto, (max-width: 1024px) 100vw, 1024px\" \/><\/figure>\n\n\n\n<figure class=\"wp-block-image size-large\"><img loading=\"lazy\" decoding=\"async\" width=\"1024\" height=\"768\" data-id=\"2427\" src=\"https:\/\/lyceealfrednobel.fr\/w\/wp-content\/uploads\/2026\/04\/20260331_1222060-1024x768.jpg\" alt=\"\" class=\"wp-image-2427\" srcset=\"http:\/\/lyceealfrednobel.fr\/w\/wp-content\/uploads\/2026\/04\/20260331_1222060-1024x768.jpg 1024w, http:\/\/lyceealfrednobel.fr\/w\/wp-content\/uploads\/2026\/04\/20260331_1222060-300x225.jpg 300w, http:\/\/lyceealfrednobel.fr\/w\/wp-content\/uploads\/2026\/04\/20260331_1222060-768x576.jpg 768w, http:\/\/lyceealfrednobel.fr\/w\/wp-content\/uploads\/2026\/04\/20260331_1222060-1536x1152.jpg 1536w, http:\/\/lyceealfrednobel.fr\/w\/wp-content\/uploads\/2026\/04\/20260331_1222060-2048x1536.jpg 2048w\" sizes=\"auto, (max-width: 1024px) 100vw, 1024px\" \/><\/figure>\n<\/figure>\n","protected":false},"excerpt":{"rendered":"<p>Dans le cadre de notre partenariat avec Engie 13 \u00e9l\u00e8ves (12 de TMELEC et 1de Classe Passerelle) ont particip\u00e9 \u00e0 [&hellip;]<\/p>\n","protected":false},"author":6,"featured_media":2429,"comment_status":"closed","ping_status":"closed","sticky":false,"template":"","format":"standard","meta":{"_uag_custom_page_level_css":"","site-sidebar-layout":"default","site-content-layout":"","ast-site-content-layout":"","site-content-style":"default","site-sidebar-style":"default","ast-global-header-display":"","ast-banner-title-visibility":"","ast-main-header-display":"","ast-hfb-above-header-display":"","ast-hfb-below-header-display":"","ast-hfb-mobile-header-display":"","site-post-title":"","ast-breadcrumbs-content":"","ast-featured-img":"","footer-sml-layout":"","theme-transparent-header-meta":"","adv-header-id-meta":"","stick-header-meta":"","header-above-stick-meta":"","header-main-stick-meta":"","header-below-stick-meta":"","astra-migrate-meta-layouts":"default","ast-page-background-enabled":"default","ast-page-background-meta":{"desktop":{"background-color":"var(--ast-global-color-4)","background-image":"","background-repeat":"repeat","background-position":"center center","background-size":"auto","background-attachment":"scroll","background-type":"","background-media":"","overlay-type":"","overlay-color":"","overlay-opacity":"","overlay-gradient":""},"tablet":{"background-color":"","background-image":"","background-repeat":"repeat","background-position":"center center","background-size":"auto","background-attachment":"scroll","background-type":"","background-media":"","overlay-type":"","overlay-color":"","overlay-opacity":"","overlay-gradient":""},"mobile":{"background-color":"","background-image":"","background-repeat":"repeat","background-position":"center center","background-size":"auto","background-attachment":"scroll","background-type":"","background-media":"","overlay-type":"","overlay-color":"","overlay-opacity":"","overlay-gradient":""}},"ast-content-background-meta":{"desktop":{"background-color":"var(--ast-global-color-5)","background-image":"","background-repeat":"repeat","background-position":"center center","background-size":"auto","background-attachment":"scroll","background-type":"","background-media":"","overlay-type":"","overlay-color":"","overlay-opacity":"","overlay-gradient":""},"tablet":{"background-color":"var(--ast-global-color-5)","background-image":"","background-repeat":"repeat","background-position":"center center","background-size":"auto","background-attachment":"scroll","background-type":"","background-media":"","overlay-type":"","overlay-color":"","overlay-opacity":"","overlay-gradient":""},"mobile":{"background-color":"var(--ast-global-color-5)","background-image":"","background-repeat":"repeat","background-position":"center center","background-size":"auto","background-attachment":"scroll","background-type":"","background-media":"","overlay-type":"","overlay-color":"","overlay-opacity":"","overlay-gradient":""}},"footnotes":""},"categories":[15,12],"tags":[],"class_list":["post-2422","post","type-post","status-publish","format-standard","has-post-thumbnail","hentry","category-a-la-une","category-actu"],"yoast_head":"<!-- This site is optimized with the Yoast SEO plugin v26.7 - https:\/\/yoast.com\/wordpress\/plugins\/seo\/ -->\n<title>inside ENGIE Talents -<\/title>\n<meta name=\"robots\" content=\"index, follow, max-snippet:-1, max-image-preview:large, max-video-preview:-1\" \/>\n<link rel=\"canonical\" href=\"http:\/\/lyceealfrednobel.fr\/w\/2026\/04\/03\/inside-engie-talents\/\" \/>\n<meta property=\"og:locale\" content=\"fr_FR\" \/>\n<meta property=\"og:type\" content=\"article\" \/>\n<meta property=\"og:title\" content=\"inside ENGIE Talents -\" \/>\n<meta property=\"og:description\" content=\"Dans le cadre de notre partenariat avec Engie 13 \u00e9l\u00e8ves (12 de TMELEC et 1de Classe Passerelle) ont particip\u00e9 \u00e0 [&hellip;]\" \/>\n<meta property=\"og:url\" content=\"http:\/\/lyceealfrednobel.fr\/w\/2026\/04\/03\/inside-engie-talents\/\" \/>\n<meta property=\"article:published_time\" content=\"2026-04-03T08:49:24+00:00\" \/>\n<meta property=\"article:modified_time\" content=\"2026-04-03T08:49:25+00:00\" \/>\n<meta property=\"og:image\" content=\"http:\/\/lyceealfrednobel.fr\/w\/wp-content\/uploads\/2026\/04\/images.png\" \/>\n\t<meta property=\"og:image:width\" content=\"192\" \/>\n\t<meta property=\"og:image:height\" content=\"128\" \/>\n\t<meta property=\"og:image:type\" content=\"image\/png\" \/>\n<meta name=\"author\" content=\"Dominique Pouchain\" \/>\n<meta name=\"twitter:card\" content=\"summary_large_image\" \/>\n<meta name=\"twitter:label1\" content=\"\u00c9crit par\" \/>\n\t<meta name=\"twitter:data1\" content=\"Dominique Pouchain\" \/>\n\t<meta name=\"twitter:label2\" content=\"Dur\u00e9e de lecture estim\u00e9e\" \/>\n\t<meta name=\"twitter:data2\" content=\"3 minutes\" \/>\n<script type=\"application\/ld+json\" class=\"yoast-schema-graph\">{\"@context\":\"https:\/\/schema.org\",\"@graph\":[{\"@type\":\"Article\",\"@id\":\"http:\/\/lyceealfrednobel.fr\/w\/2026\/04\/03\/inside-engie-talents\/#article\",\"isPartOf\":{\"@id\":\"http:\/\/lyceealfrednobel.fr\/w\/2026\/04\/03\/inside-engie-talents\/\"},\"author\":{\"name\":\"Dominique Pouchain\",\"@id\":\"https:\/\/lyceealfrednobel.fr\/w\/#\/schema\/person\/0138880077cc2f4840838bc3c9cf59a3\"},\"headline\":\"inside ENGIE Talents\",\"datePublished\":\"2026-04-03T08:49:24+00:00\",\"dateModified\":\"2026-04-03T08:49:25+00:00\",\"mainEntityOfPage\":{\"@id\":\"http:\/\/lyceealfrednobel.fr\/w\/2026\/04\/03\/inside-engie-talents\/\"},\"wordCount\":210,\"publisher\":{\"@id\":\"https:\/\/lyceealfrednobel.fr\/w\/#organization\"},\"image\":{\"@id\":\"http:\/\/lyceealfrednobel.fr\/w\/2026\/04\/03\/inside-engie-talents\/#primaryimage\"},\"thumbnailUrl\":\"http:\/\/lyceealfrednobel.fr\/w\/wp-content\/uploads\/2026\/04\/images.png\",\"articleSection\":[\"A la une\",\"Actualit\u00e9s\"],\"inLanguage\":\"fr-FR\"},{\"@type\":\"WebPage\",\"@id\":\"http:\/\/lyceealfrednobel.fr\/w\/2026\/04\/03\/inside-engie-talents\/\",\"url\":\"http:\/\/lyceealfrednobel.fr\/w\/2026\/04\/03\/inside-engie-talents\/\",\"name\":\"inside ENGIE Talents -\",\"isPartOf\":{\"@id\":\"https:\/\/lyceealfrednobel.fr\/w\/#website\"},\"primaryImageOfPage\":{\"@id\":\"http:\/\/lyceealfrednobel.fr\/w\/2026\/04\/03\/inside-engie-talents\/#primaryimage\"},\"image\":{\"@id\":\"http:\/\/lyceealfrednobel.fr\/w\/2026\/04\/03\/inside-engie-talents\/#primaryimage\"},\"thumbnailUrl\":\"http:\/\/lyceealfrednobel.fr\/w\/wp-content\/uploads\/2026\/04\/images.png\",\"datePublished\":\"2026-04-03T08:49:24+00:00\",\"dateModified\":\"2026-04-03T08:49:25+00:00\",\"breadcrumb\":{\"@id\":\"http:\/\/lyceealfrednobel.fr\/w\/2026\/04\/03\/inside-engie-talents\/#breadcrumb\"},\"inLanguage\":\"fr-FR\",\"potentialAction\":[{\"@type\":\"ReadAction\",\"target\":[\"http:\/\/lyceealfrednobel.fr\/w\/2026\/04\/03\/inside-engie-talents\/\"]}]},{\"@type\":\"ImageObject\",\"inLanguage\":\"fr-FR\",\"@id\":\"http:\/\/lyceealfrednobel.fr\/w\/2026\/04\/03\/inside-engie-talents\/#primaryimage\",\"url\":\"http:\/\/lyceealfrednobel.fr\/w\/wp-content\/uploads\/2026\/04\/images.png\",\"contentUrl\":\"http:\/\/lyceealfrednobel.fr\/w\/wp-content\/uploads\/2026\/04\/images.png\",\"width\":192,\"height\":128},{\"@type\":\"BreadcrumbList\",\"@id\":\"http:\/\/lyceealfrednobel.fr\/w\/2026\/04\/03\/inside-engie-talents\/#breadcrumb\",\"itemListElement\":[{\"@type\":\"ListItem\",\"position\":1,\"name\":\"Accueil\",\"item\":\"https:\/\/lyceealfrednobel.fr\/w\/\"},{\"@type\":\"ListItem\",\"position\":2,\"name\":\"inside ENGIE Talents\"}]},{\"@type\":\"WebSite\",\"@id\":\"https:\/\/lyceealfrednobel.fr\/w\/#website\",\"url\":\"https:\/\/lyceealfrednobel.fr\/w\/\",\"name\":\"Lycee Alfred Nobel\",\"description\":\"\",\"publisher\":{\"@id\":\"https:\/\/lyceealfrednobel.fr\/w\/#organization\"},\"potentialAction\":[{\"@type\":\"SearchAction\",\"target\":{\"@type\":\"EntryPoint\",\"urlTemplate\":\"https:\/\/lyceealfrednobel.fr\/w\/?s={search_term_string}\"},\"query-input\":{\"@type\":\"PropertyValueSpecification\",\"valueRequired\":true,\"valueName\":\"search_term_string\"}}],\"inLanguage\":\"fr-FR\"},{\"@type\":\"Organization\",\"@id\":\"https:\/\/lyceealfrednobel.fr\/w\/#organization\",\"name\":\"Lycee Alfred Nobel\",\"url\":\"https:\/\/lyceealfrednobel.fr\/w\/\",\"logo\":{\"@type\":\"ImageObject\",\"inLanguage\":\"fr-FR\",\"@id\":\"https:\/\/lyceealfrednobel.fr\/w\/#\/schema\/logo\/image\/\",\"url\":\"http:\/\/lyceealfrednobel.fr\/w\/wp-content\/uploads\/2022\/06\/cropped-logopng.png\",\"contentUrl\":\"http:\/\/lyceealfrednobel.fr\/w\/wp-content\/uploads\/2022\/06\/cropped-logopng.png\",\"width\":132,\"height\":155,\"caption\":\"Lycee Alfred Nobel\"},\"image\":{\"@id\":\"https:\/\/lyceealfrednobel.fr\/w\/#\/schema\/logo\/image\/\"}},{\"@type\":\"Person\",\"@id\":\"https:\/\/lyceealfrednobel.fr\/w\/#\/schema\/person\/0138880077cc2f4840838bc3c9cf59a3\",\"name\":\"Dominique Pouchain\",\"image\":{\"@type\":\"ImageObject\",\"inLanguage\":\"fr-FR\",\"@id\":\"https:\/\/lyceealfrednobel.fr\/w\/#\/schema\/person\/image\/\",\"url\":\"https:\/\/secure.gravatar.com\/avatar\/d810de35e046293964c56ee3c677b74acf56ef9180cba258c3905709686c2491?s=96&d=mm&r=g\",\"contentUrl\":\"https:\/\/secure.gravatar.com\/avatar\/d810de35e046293964c56ee3c677b74acf56ef9180cba258c3905709686c2491?s=96&d=mm&r=g\",\"caption\":\"Dominique Pouchain\"},\"url\":\"http:\/\/lyceealfrednobel.fr\/w\/author\/dpouchain\/\"}]}<\/script>\n<!-- \/ Yoast SEO plugin. -->","yoast_head_json":{"title":"inside ENGIE Talents -","robots":{"index":"index","follow":"follow","max-snippet":"max-snippet:-1","max-image-preview":"max-image-preview:large","max-video-preview":"max-video-preview:-1"},"canonical":"http:\/\/lyceealfrednobel.fr\/w\/2026\/04\/03\/inside-engie-talents\/","og_locale":"fr_FR","og_type":"article","og_title":"inside ENGIE Talents -","og_description":"Dans le cadre de notre partenariat avec Engie 13 \u00e9l\u00e8ves (12 de TMELEC et 1de Classe Passerelle) ont particip\u00e9 \u00e0 [&hellip;]","og_url":"http:\/\/lyceealfrednobel.fr\/w\/2026\/04\/03\/inside-engie-talents\/","article_published_time":"2026-04-03T08:49:24+00:00","article_modified_time":"2026-04-03T08:49:25+00:00","og_image":[{"width":192,"height":128,"url":"http:\/\/lyceealfrednobel.fr\/w\/wp-content\/uploads\/2026\/04\/images.png","type":"image\/png"}],"author":"Dominique Pouchain","twitter_card":"summary_large_image","twitter_misc":{"\u00c9crit par":"Dominique Pouchain","Dur\u00e9e de lecture estim\u00e9e":"3 minutes"},"schema":{"@context":"https:\/\/schema.org","@graph":[{"@type":"Article","@id":"http:\/\/lyceealfrednobel.fr\/w\/2026\/04\/03\/inside-engie-talents\/#article","isPartOf":{"@id":"http:\/\/lyceealfrednobel.fr\/w\/2026\/04\/03\/inside-engie-talents\/"},"author":{"name":"Dominique Pouchain","@id":"https:\/\/lyceealfrednobel.fr\/w\/#\/schema\/person\/0138880077cc2f4840838bc3c9cf59a3"},"headline":"inside ENGIE Talents","datePublished":"2026-04-03T08:49:24+00:00","dateModified":"2026-04-03T08:49:25+00:00","mainEntityOfPage":{"@id":"http:\/\/lyceealfrednobel.fr\/w\/2026\/04\/03\/inside-engie-talents\/"},"wordCount":210,"publisher":{"@id":"https:\/\/lyceealfrednobel.fr\/w\/#organization"},"image":{"@id":"http:\/\/lyceealfrednobel.fr\/w\/2026\/04\/03\/inside-engie-talents\/#primaryimage"},"thumbnailUrl":"http:\/\/lyceealfrednobel.fr\/w\/wp-content\/uploads\/2026\/04\/images.png","articleSection":["A la une","Actualit\u00e9s"],"inLanguage":"fr-FR"},{"@type":"WebPage","@id":"http:\/\/lyceealfrednobel.fr\/w\/2026\/04\/03\/inside-engie-talents\/","url":"http:\/\/lyceealfrednobel.fr\/w\/2026\/04\/03\/inside-engie-talents\/","name":"inside ENGIE Talents -","isPartOf":{"@id":"https:\/\/lyceealfrednobel.fr\/w\/#website"},"primaryImageOfPage":{"@id":"http:\/\/lyceealfrednobel.fr\/w\/2026\/04\/03\/inside-engie-talents\/#primaryimage"},"image":{"@id":"http:\/\/lyceealfrednobel.fr\/w\/2026\/04\/03\/inside-engie-talents\/#primaryimage"},"thumbnailUrl":"http:\/\/lyceealfrednobel.fr\/w\/wp-content\/uploads\/2026\/04\/images.png","datePublished":"2026-04-03T08:49:24+00:00","dateModified":"2026-04-03T08:49:25+00:00","breadcrumb":{"@id":"http:\/\/lyceealfrednobel.fr\/w\/2026\/04\/03\/inside-engie-talents\/#breadcrumb"},"inLanguage":"fr-FR","potentialAction":[{"@type":"ReadAction","target":["http:\/\/lyceealfrednobel.fr\/w\/2026\/04\/03\/inside-engie-talents\/"]}]},{"@type":"ImageObject","inLanguage":"fr-FR","@id":"http:\/\/lyceealfrednobel.fr\/w\/2026\/04\/03\/inside-engie-talents\/#primaryimage","url":"http:\/\/lyceealfrednobel.fr\/w\/wp-content\/uploads\/2026\/04\/images.png","contentUrl":"http:\/\/lyceealfrednobel.fr\/w\/wp-content\/uploads\/2026\/04\/images.png","width":192,"height":128},{"@type":"BreadcrumbList","@id":"http:\/\/lyceealfrednobel.fr\/w\/2026\/04\/03\/inside-engie-talents\/#breadcrumb","itemListElement":[{"@type":"ListItem","position":1,"name":"Accueil","item":"https:\/\/lyceealfrednobel.fr\/w\/"},{"@type":"ListItem","position":2,"name":"inside ENGIE Talents"}]},{"@type":"WebSite","@id":"https:\/\/lyceealfrednobel.fr\/w\/#website","url":"https:\/\/lyceealfrednobel.fr\/w\/","name":"Lycee Alfred Nobel","description":"","publisher":{"@id":"https:\/\/lyceealfrednobel.fr\/w\/#organization"},"potentialAction":[{"@type":"SearchAction","target":{"@type":"EntryPoint","urlTemplate":"https:\/\/lyceealfrednobel.fr\/w\/?s={search_term_string}"},"query-input":{"@type":"PropertyValueSpecification","valueRequired":true,"valueName":"search_term_string"}}],"inLanguage":"fr-FR"},{"@type":"Organization","@id":"https:\/\/lyceealfrednobel.fr\/w\/#organization","name":"Lycee Alfred Nobel","url":"https:\/\/lyceealfrednobel.fr\/w\/","logo":{"@type":"ImageObject","inLanguage":"fr-FR","@id":"https:\/\/lyceealfrednobel.fr\/w\/#\/schema\/logo\/image\/","url":"http:\/\/lyceealfrednobel.fr\/w\/wp-content\/uploads\/2022\/06\/cropped-logopng.png","contentUrl":"http:\/\/lyceealfrednobel.fr\/w\/wp-content\/uploads\/2022\/06\/cropped-logopng.png","width":132,"height":155,"caption":"Lycee Alfred Nobel"},"image":{"@id":"https:\/\/lyceealfrednobel.fr\/w\/#\/schema\/logo\/image\/"}},{"@type":"Person","@id":"https:\/\/lyceealfrednobel.fr\/w\/#\/schema\/person\/0138880077cc2f4840838bc3c9cf59a3","name":"Dominique Pouchain","image":{"@type":"ImageObject","inLanguage":"fr-FR","@id":"https:\/\/lyceealfrednobel.fr\/w\/#\/schema\/person\/image\/","url":"https:\/\/secure.gravatar.com\/avatar\/d810de35e046293964c56ee3c677b74acf56ef9180cba258c3905709686c2491?s=96&d=mm&r=g","contentUrl":"https:\/\/secure.gravatar.com\/avatar\/d810de35e046293964c56ee3c677b74acf56ef9180cba258c3905709686c2491?s=96&d=mm&r=g","caption":"Dominique Pouchain"},"url":"http:\/\/lyceealfrednobel.fr\/w\/author\/dpouchain\/"}]}},"uagb_featured_image_src":{"full":["http:\/\/lyceealfrednobel.fr\/w\/wp-content\/uploads\/2026\/04\/images.png",192,128,false],"thumbnail":["http:\/\/lyceealfrednobel.fr\/w\/wp-content\/uploads\/2026\/04\/images-150x128.png",150,128,true],"medium":["http:\/\/lyceealfrednobel.fr\/w\/wp-content\/uploads\/2026\/04\/images.png",192,128,false],"medium_large":["http:\/\/lyceealfrednobel.fr\/w\/wp-content\/uploads\/2026\/04\/images.png",192,128,false],"large":["http:\/\/lyceealfrednobel.fr\/w\/wp-content\/uploads\/2026\/04\/images.png",192,128,false],"1536x1536":["http:\/\/lyceealfrednobel.fr\/w\/wp-content\/uploads\/2026\/04\/images.png",192,128,false],"2048x2048":["http:\/\/lyceealfrednobel.fr\/w\/wp-content\/uploads\/2026\/04\/images.png",192,128,false],"ultp_layout_landscape_large":["http:\/\/lyceealfrednobel.fr\/w\/wp-content\/uploads\/2026\/04\/images.png",192,128,false],"ultp_layout_landscape":["http:\/\/lyceealfrednobel.fr\/w\/wp-content\/uploads\/2026\/04\/images.png",192,128,false],"ultp_layout_portrait":["http:\/\/lyceealfrednobel.fr\/w\/wp-content\/uploads\/2026\/04\/images.png",192,128,false],"ultp_layout_square":["http:\/\/lyceealfrednobel.fr\/w\/wp-content\/uploads\/2026\/04\/images.png",192,128,false],"psacp-medium":["http:\/\/lyceealfrednobel.fr\/w\/wp-content\/uploads\/2026\/04\/images.png",192,128,false]},"uagb_author_info":{"display_name":"Dominique Pouchain","author_link":"http:\/\/lyceealfrednobel.fr\/w\/author\/dpouchain\/"},"uagb_comment_info":0,"uagb_excerpt":"Dans le cadre de notre partenariat avec Engie 13 \u00e9l\u00e8ves (12 de TMELEC et 1de Classe Passerelle) ont particip\u00e9 \u00e0 [&hellip;]","rttpg_featured_image_url":{"full":["http:\/\/lyceealfrednobel.fr\/w\/wp-content\/uploads\/2026\/04\/images.png",192,128,false],"landscape":["http:\/\/lyceealfrednobel.fr\/w\/wp-content\/uploads\/2026\/04\/images.png",192,128,false],"portraits":["http:\/\/lyceealfrednobel.fr\/w\/wp-content\/uploads\/2026\/04\/images.png",192,128,false],"thumbnail":["http:\/\/lyceealfrednobel.fr\/w\/wp-content\/uploads\/2026\/04\/images-150x128.png",150,128,true],"medium":["http:\/\/lyceealfrednobel.fr\/w\/wp-content\/uploads\/2026\/04\/images.png",192,128,false],"large":["http:\/\/lyceealfrednobel.fr\/w\/wp-content\/uploads\/2026\/04\/images.png",192,128,false],"1536x1536":["http:\/\/lyceealfrednobel.fr\/w\/wp-content\/uploads\/2026\/04\/images.png",192,128,false],"2048x2048":["http:\/\/lyceealfrednobel.fr\/w\/wp-content\/uploads\/2026\/04\/images.png",192,128,false],"ultp_layout_landscape_large":["http:\/\/lyceealfrednobel.fr\/w\/wp-content\/uploads\/2026\/04\/images.png",192,128,false],"ultp_layout_landscape":["http:\/\/lyceealfrednobel.fr\/w\/wp-content\/uploads\/2026\/04\/images.png",192,128,false],"ultp_layout_portrait":["http:\/\/lyceealfrednobel.fr\/w\/wp-content\/uploads\/2026\/04\/images.png",192,128,false],"ultp_layout_square":["http:\/\/lyceealfrednobel.fr\/w\/wp-content\/uploads\/2026\/04\/images.png",192,128,false],"psacp-medium":["http:\/\/lyceealfrednobel.fr\/w\/wp-content\/uploads\/2026\/04\/images.png",192,128,false]},"rttpg_author":{"display_name":"Dominique Pouchain","author_link":"http:\/\/lyceealfrednobel.fr\/w\/author\/dpouchain\/"},"rttpg_comment":0,"rttpg_category":"<a href=\"http:\/\/lyceealfrednobel.fr\/w\/category\/a-la-une\/\" rel=\"category tag\">A la une<\/a> <a href=\"http:\/\/lyceealfrednobel.fr\/w\/category\/actu\/\" rel=\"category tag\">Actualit\u00e9s<\/a>","rttpg_excerpt":"Dans le cadre de notre partenariat avec Engie 13 \u00e9l\u00e8ves (12 de TMELEC et 1de Classe Passerelle) ont particip\u00e9 \u00e0 [&hellip;]","_links":{"self":[{"href":"http:\/\/lyceealfrednobel.fr\/w\/wp-json\/wp\/v2\/posts\/2422","targetHints":{"allow":["GET"]}}],"collection":[{"href":"http:\/\/lyceealfrednobel.fr\/w\/wp-json\/wp\/v2\/posts"}],"about":[{"href":"http:\/\/lyceealfrednobel.fr\/w\/wp-json\/wp\/v2\/types\/post"}],"author":[{"embeddable":true,"href":"http:\/\/lyceealfrednobel.fr\/w\/wp-json\/wp\/v2\/users\/6"}],"replies":[{"embeddable":true,"href":"http:\/\/lyceealfrednobel.fr\/w\/wp-json\/wp\/v2\/comments?post=2422"}],"version-history":[{"count":1,"href":"http:\/\/lyceealfrednobel.fr\/w\/wp-json\/wp\/v2\/posts\/2422\/revisions"}],"predecessor-version":[{"id":2430,"href":"http:\/\/lyceealfrednobel.fr\/w\/wp-json\/wp\/v2\/posts\/2422\/revisions\/2430"}],"wp:featuredmedia":[{"embeddable":true,"href":"http:\/\/lyceealfrednobel.fr\/w\/wp-json\/wp\/v2\/media\/2429"}],"wp:attachment":[{"href":"http:\/\/lyceealfrednobel.fr\/w\/wp-json\/wp\/v2\/media?parent=2422"}],"wp:term":[{"taxonomy":"category","embeddable":true,"href":"http:\/\/lyceealfrednobel.fr\/w\/wp-json\/wp\/v2\/categories?post=2422"},{"taxonomy":"post_tag","embeddable":true,"href":"http:\/\/lyceealfrednobel.fr\/w\/wp-json\/wp\/v2\/tags?post=2422"}],"curies":[{"name":"wp","href":"https:\/\/api.w.org\/{rel}","templated":true}]}}